[{"@context":"https:\/\/schema.org\/","@type":"Article","@id":"https:\/\/www.kcms.cz\/proc-je-vseobecne-vzdelani-dulezite\/#Article","mainEntityOfPage":"https:\/\/www.kcms.cz\/proc-je-vseobecne-vzdelani-dulezite\/","headline":"Pro\u010d je v\u0161eobecn\u00e9 vzd\u011bl\u00e1n\u00ed d\u016fle\u017eit\u00e9","name":"Pro\u010d je v\u0161eobecn\u00e9 vzd\u011bl\u00e1n\u00ed d\u016fle\u017eit\u00e9","description":"Asi nen\u00ed t\u0159eba zast\u00edrat, \u017ee na\u0161e \u0161kolstv\u00ed m\u00e1 celou \u0159adu probl\u00e9m\u016f. Nen\u00ed tedy divu, \u017ee mnoz\u00ed lid\u00e9 volaj\u00ed po nejr\u016fzn\u011bj\u0161\u00edch [&hellip;]","datePublished":"2023-11-06","dateModified":"2023-11-06","author":{"@type":"Person","@id":"https:\/\/www.kcms.cz\/author\/#Person","name":"","url":"https:\/\/www.kcms.cz\/author\/","identifier":1,"image":{"@type":"ImageObject","@id":"https:\/\/secure.gravatar.com\/avatar\/2a487990a452554e9d027cbab96c6e6e6d3b119f22a2b3fb9e2bcb7e021cd643?s=96&d=mm&r=g","url":"https:\/\/secure.gravatar.com\/avatar\/2a487990a452554e9d027cbab96c6e6e6d3b119f22a2b3fb9e2bcb7e021cd643?s=96&d=mm&r=g","height":96,"width":96}},"publisher":{"@type":"Organization","name":"kcms.cz","logo":{"@type":"ImageObject","@id":"\/logo.png","url":"\/logo.png","width":600,"height":60}},"image":{"@type":"ImageObject","@id":"https:\/\/www.kcms.cz\/wp-content\/uploads\/skola1_10_4.jpg","url":"https:\/\/www.kcms.cz\/wp-content\/uploads\/skola1_10_4.jpg","height":0,"width":0},"url":"https:\/\/www.kcms.cz\/proc-je-vseobecne-vzdelani-dulezite\/","about":["Vzd\u011bl\u00e1n\u00ed"],"wordCount":436,"articleBody":"Asi nen\u00ed t\u0159eba zast\u00edrat, \u017ee na\u0161e \u0161kolstv\u00ed m\u00e1 celou \u0159adu probl\u00e9m\u016f. Nen\u00ed tedy divu, \u017ee mnoz\u00ed lid\u00e9 volaj\u00ed po nejr\u016fzn\u011bj\u0161\u00edch reform\u00e1ch. A jednou z\u00a0nich je i to, \u017ee by m\u011bla b\u00fdt v\u011bt\u0161\u00ed pozornost v\u011bnov\u00e1na odborn\u00fdm p\u0159edm\u011bt\u016fm a ni\u017e\u0161\u00ed t\u011bm v\u0161eobecn\u00fdm, zvl\u00e1\u0161t\u011b pak na vy\u0161\u0161\u00edch stupn\u00edch vzd\u011bl\u00e1n\u00ed, jako jsou st\u0159edn\u00ed \u0161koly.\u00a0\u00a0Hlavn\u00ed n\u00e1mitkou je, \u017ee tak studenti budou m\u00edt v\u00edce hodin na p\u0159\u00edpravu na maturitu \u010di z\u00e1v\u011bre\u010dn\u00e9 zkou\u0161ky. Zd\u00e1lo by se, \u017ee to m\u00e1 ur\u010dit\u00e9 opodstatn\u011bn\u00ed. Na co je n\u00e1m nap\u0159\u00edklad fyzika, kdy\u017e studujeme obchodn\u00ed akademii?\u00a0Pravda v\u0161ak je, \u017ee sv\u016fj smysl to m\u00e1. V\u0161eobecn\u00e9 vzd\u011bl\u00e1n\u00ed bychom rozhodn\u011b nem\u011bli zatracovat. Je toti\u017e pot\u0159eba, abychom m\u011bli alespo\u0148 ur\u010dit\u00fd p\u0159ehled o tom, co je a co nen\u00ed mo\u017en\u00e9. D\u00edky tomu se pak m\u016f\u017eeme ve sv\u011bt\u011b l\u00e9pe orientovat a v\u00a0tom, co je a co nen\u00ed mo\u017en\u00e9.\u00a0\u00a0Mus\u00edme si uv\u011bdomit, \u017ee z\u00e1kladn\u00ed p\u0159ehled o sv\u011bt\u011b je d\u016fle\u017eit\u011bj\u0161\u00ed, ne\u017e by se mohlo zd\u00e1t. Pokud jej toti\u017e nem\u00e1me, pak m\u016f\u017eeme m\u00edt zkreslen\u00e9 p\u0159edstavy a sn\u00e1ze tak podlehnout nejr\u016fzn\u011bj\u0161\u00edm konspira\u010dn\u00edm teori\u00edm. Nen\u00ed koneckonc\u016f \u017e\u00e1dn\u00e1 n\u00e1hoda, \u017ee lid\u00e9, kte\u0159\u00ed jim v\u011b\u0159\u00ed, maj\u00ed obvykle ni\u017e\u0161\u00ed vzd\u011bl\u00e1n\u00ed, p\u0159\u00edpadn\u011b nemaj\u00ed t\u00e9m\u011b\u0159 \u017e\u00e1dn\u00e9 v\u0161eobecn\u00e9.\u00a0Proto bychom m\u011bli nejen na z\u00e1kladn\u00edch \u0161kol\u00e1ch jeho hodinovou dotaci zv\u00fd\u0161it, a nikoliv sn\u00ed\u017eit. Vedlo by to k\u00a0celkov\u00e9mu zv\u00fd\u0161en\u00ed pov\u011bdom\u00ed o p\u0159\u00edrod\u011b a historii, co\u017e je d\u016fle\u017eit\u011bj\u0161\u00ed, ne\u017e by se na prvn\u00ed pohled mohlo zd\u00e1t. D\u00edky tomu se n\u00e1m toti\u017e t\u0159\u00edb\u00ed nejen znalosti, ale tak\u00e9 schopnost skute\u010dn\u011b kritick\u00e9ho my\u0161len\u00ed, co\u017e je n\u011bco, co v\u00a0na\u0161\u00ed spole\u010dnosti dnes zna\u010dn\u011b chyb\u00ed.\u00a0Je jasn\u00e9, \u017ee v\u011bt\u0161ina d\u011bt\u00ed je proti tomu, nebo\u0165 z\u00a0toho neplyne prakticky \u017e\u00e1dn\u00fd okam\u017eit\u00fd u\u017eitek \u2013 nen\u00ed to pot\u0159eba k\u00a0maturit\u011b, nepom\u016f\u017ee n\u00e1m to z\u00edskat zam\u011bstn\u00e1n\u00ed. P\u0159esto bychom nem\u011bli myslet jen na sv\u016fj prosp\u011bch, ale tak\u00e9 na to, abychom byli skute\u010dn\u011b platn\u00fdmi \u010dleny spole\u010dnosti. Jen tak se toti\u017e jako spole\u010dnost skute\u010dn\u011b kulturn\u011b posuneme \u2013 a na tom by n\u00e1m m\u011blo z\u00e1le\u017eet p\u0159edev\u0161\u00edm.                                                                                                                                                                                                                                                                                                                                                                                        4.4\/5 - (5 votes)        "},{"@context":"https:\/\/schema.org\/","@type":"BreadcrumbList","itemListElement":[{"@type":"ListItem","position":1,"name":"Pro\u010d je v\u0161eobecn\u00e9 vzd\u011bl\u00e1n\u00ed d\u016fle\u017eit\u00e9","item":"https:\/\/www.kcms.cz\/proc-je-vseobecne-vzdelani-dulezite\/#breadcrumbitem"}]}]