[{"@context":"https:\/\/schema.org\/","@type":"Article","@id":"https:\/\/www.kcms.cz\/prirodni-piskovec-pro-obklady-a-dlazby-v-exterieru-i-uvnitr-budov\/#Article","mainEntityOfPage":"https:\/\/www.kcms.cz\/prirodni-piskovec-pro-obklady-a-dlazby-v-exterieru-i-uvnitr-budov\/","headline":"P\u0159\u00edrodn\u00ed p\u00edskovec pro obklady a dla\u017eby v exteri\u00e9ru i uvnit\u0159 budov","name":"P\u0159\u00edrodn\u00ed p\u00edskovec pro obklady a dla\u017eby v exteri\u00e9ru i uvnit\u0159 budov","description":"M\u016f\u017eete jej pou\u017e\u00edt, kde chcete \u2013 z p\u00edskovce se ji\u017e des\u00edtky let buduj\u00ed dla\u017eby i kamenn\u00e9 obklady na n\u011bkter\u00fdch pam\u00e1tkov\u00fdch [&hellip;]","datePublished":"2021-09-02","dateModified":"2023-10-10","author":{"@type":"Person","@id":"https:\/\/www.kcms.cz\/author\/#Person","name":"","url":"https:\/\/www.kcms.cz\/author\/","identifier":1,"image":{"@type":"ImageObject","@id":"https:\/\/secure.gravatar.com\/avatar\/2a487990a452554e9d027cbab96c6e6e6d3b119f22a2b3fb9e2bcb7e021cd643?s=96&d=mm&r=g","url":"https:\/\/secure.gravatar.com\/avatar\/2a487990a452554e9d027cbab96c6e6e6d3b119f22a2b3fb9e2bcb7e021cd643?s=96&d=mm&r=g","height":96,"width":96}},"publisher":{"@type":"Organization","name":"kcms.cz","logo":{"@type":"ImageObject","@id":"\/logo.png","url":"\/logo.png","width":600,"height":60}},"image":{"@type":"ImageObject","@id":"https:\/\/www.kcms.cz\/wp-content\/uploads\/petra-gb05516487_640.jpg","url":"https:\/\/www.kcms.cz\/wp-content\/uploads\/petra-gb05516487_640.jpg","height":0,"width":0},"url":"https:\/\/www.kcms.cz\/prirodni-piskovec-pro-obklady-a-dlazby-v-exterieru-i-uvnitr-budov\/","about":["V\u00fdrobky"],"wordCount":417,"articleBody":"M\u016f\u017eete jej pou\u017e\u00edt, kde chcete \u2013 z p\u00edskovce se ji\u017e des\u00edtky let buduj\u00ed dla\u017eby i kamenn\u00e9 obklady na n\u011bkter\u00fdch pam\u00e1tkov\u00fdch objektech a pr\u00e1v\u011b zde si m\u016f\u017eete ov\u011b\u0159it jejich \u017eivotnost a odolnost v\u016f\u010di pov\u011btrnostn\u00edm vliv\u016fm, a z\u00e1rove\u0148 to, jak vypadaj\u00ed a jak se hod\u00ed k zatravn\u011bn\u00e9 plo\u0161e, k okrasn\u00fdm d\u0159evin\u00e1m, ke\u0159\u016fm, kv\u011btin\u00e1m, font\u00e1n\u00e1m atp. Jedn\u00edm z p\u0159\u00edklad\u016f, kde zahl\u00e9dnete obrovsk\u00fd rozsah p\u00edskovcov\u00fdch obklad\u016f a dla\u017eby, je pam\u00e1tn\u00edk v obci Lidice \u2013 objekt muzea, s\u00edn\u011b In Memoriam, s\u00edn\u011b Pod Tribunou, Gloriet a vydl\u00e1\u017ed\u011bn\u00e1 plocha s font\u00e1nou v pietn\u00edm \u00fazem\u00ed. P\u00edskovec zde kr\u00e1sn\u011b vynik\u00e1 v kontrastu s okoln\u00edm prost\u0159ed\u00edm v\u010detn\u011b r\u016f\u017eov\u00e9ho sadu, i kdy\u017e samoz\u0159ejm\u011b jde o pietn\u00ed prostor, kter\u00fd zasluhuje \u00factu k utrpen\u00ed ob\u011bt\u00ed nacistick\u00e9ho hanebn\u00e9ho \u010dinu.Skv\u011bl\u00e1 volba do interi\u00e9ru \u2013 v souladu s vyt\u00e1p\u011bn\u00edm v podlaze je pr\u00e1v\u011b p\u00edskovec ide\u00e1ln\u00edm materi\u00e1lem, kter\u00fd dob\u0159e vede teplo a p\u0159ed\u00e1v\u00e1 je do okoln\u00edho prost\u0159ed\u00ed z topn\u00e9ho zdroje v podlahov\u00e9m vyt\u00e1p\u011bn\u00ed. M\u016f\u017eete tedy doma na\u0161lapovat po kamenn\u00e9 dla\u017eb\u011b z p\u00edskovce naboso a budete si p\u0159ipadat jako v p\u0159\u00edrod\u011b, v p\u0159irozen\u00e9m prost\u0159ed\u00ed.P\u00edskovec je \u010dist\u011b p\u0159\u00edrodn\u00ed z\u00e1le\u017eitost, je tvo\u0159en drobn\u00fdmi zrn\u00ed\u010dky p\u00edsku, kde p\u0159eva\u017euje k\u0159emen, kter\u00fd se spojuje s dal\u0161\u00edmi slo\u017ekami horniny, jako je op\u00e1l, \u017eivec, sl\u00edda, siderit, chalcedon \u010di kalcit. V n\u011bkter\u00fdch mlad\u0161\u00edch p\u00edskovcov\u00fdch hornin\u00e1ch nalezneme mal\u00fd pod\u00edl magnetitu, oliv\u00ednu, turmal\u00ednu, gran\u00e1tu, pyroxenu a dal\u0161\u00edch nerost\u016f. Nen\u00ed to v \u017e\u00e1dn\u00e9m p\u0159\u00edpad\u011b um\u011bl\u00fd k\u00e1men s obsahem syntetick\u00fdch prysky\u0159ic, to znamen\u00e1, \u017ee se po p\u00edskovci m\u016f\u017ee proj\u00edt kdokoli bosou nohou, ani\u017e by to vyvol\u00e1valo alergick\u00e9 \u010di jin\u00e9 negativn\u00ed reakce.Cena p\u00edskovce je jednou z jeho p\u0159ednost\u00ed, pat\u0159\u00ed k levn\u011bj\u0161\u00edm p\u0159\u00edrodn\u00edm obkladov\u00fdm materi\u00e1l\u016fm, co\u017e ov\u0161em neznamen\u00e1, \u017ee je pod\u0159adn\u00fd. Do ni\u017e\u0161\u00ed ceny z\u0159ejm\u011b promlouvaj\u00ed jeho mocn\u011bj\u0161\u00ed nalezi\u0161t\u011b a t\u00edm p\u00e1dem lep\u0161\u00ed dostupnost materi\u00e1lu k jeho vyu\u017eit\u00ed a pr\u016fmyslov\u00e9mu zpracov\u00e1n\u00ed.                                                                                                                                                                                                                                                                                                                                                                                                 "},{"@context":"https:\/\/schema.org\/","@type":"BreadcrumbList","itemListElement":[{"@type":"ListItem","position":1,"name":"P\u0159\u00edrodn\u00ed p\u00edskovec pro obklady a dla\u017eby v exteri\u00e9ru i uvnit\u0159 budov","item":"https:\/\/www.kcms.cz\/prirodni-piskovec-pro-obklady-a-dlazby-v-exterieru-i-uvnitr-budov\/#breadcrumbitem"}]}]