[{"@context":"https:\/\/schema.org\/","@type":"Article","@id":"https:\/\/www.kcms.cz\/nejen-pro-mlade-lidi\/#Article","mainEntityOfPage":"https:\/\/www.kcms.cz\/nejen-pro-mlade-lidi\/","headline":"Nejen pro mlad\u00e9 lidi","name":"Nejen pro mlad\u00e9 lidi","description":"D\u011btem se zal\u00edbilo barevn\u00e9 oble\u010den\u00ed a za chvilku maj\u00ed narozeniny, tak\u017ee byste jim cht\u011bli n\u011bco koupit? M\u00e1te u\u017e skoro dosp\u011blou [&hellip;]","datePublished":"2025-04-22","dateModified":"2025-04-22","author":{"@type":"Person","@id":"https:\/\/www.kcms.cz\/author\/#Person","name":"","url":"https:\/\/www.kcms.cz\/author\/","identifier":1,"image":{"@type":"ImageObject","@id":"https:\/\/secure.gravatar.com\/avatar\/2a487990a452554e9d027cbab96c6e6e6d3b119f22a2b3fb9e2bcb7e021cd643?s=96&d=mm&r=g","url":"https:\/\/secure.gravatar.com\/avatar\/2a487990a452554e9d027cbab96c6e6e6d3b119f22a2b3fb9e2bcb7e021cd643?s=96&d=mm&r=g","height":96,"width":96}},"publisher":{"@type":"Organization","name":"kcms.cz","logo":{"@type":"ImageObject","@id":"\/logo.png","url":"\/logo.png","width":600,"height":60}},"url":"https:\/\/www.kcms.cz\/nejen-pro-mlade-lidi\/","wordCount":173,"articleBody":"D\u011btem se zal\u00edbilo barevn\u00e9 oble\u010den\u00ed a za chvilku maj\u00ed narozeniny, tak\u017ee byste jim cht\u011bli n\u011bco koupit? M\u00e1te u\u017e skoro dosp\u011blou dceru, kter\u00e1 je v pubert\u011b a tak\u00e9 oce\u0148uje barvy a p\u011bkn\u00e9 motivy \u010di n\u00e1pisy? Potom byste j\u00ed tedy mohli zkusit koupit modern\u00ed d\u00e1msk\u00e9 mikiny.Nejen mlad\u00ed lid\u00e9 r\u00e1di nos\u00ed modern\u00ed oble\u010den\u00ed, kter\u00e9 je pochopiteln\u011b pohodln\u00e9 a p\u0159\u00edjemn\u00e9 na dotek. Takov\u00e9 jsou i na\u0161e d\u00e1msk\u00e9 mikiny, tak\u017ee se nemus\u00edte b\u00e1t, \u017ee by ji dcera nerada nosila. Sta\u010d\u00ed, kdy\u017e j\u00ed vyberete n\u011bco zaj\u00edmav\u00e9ho, co by ji opravdu nadchlo!Modern\u00ed mikiny pro Va\u0161i dceruModern\u00ed d\u00e1msk\u00e9 mikiny jsou v dne\u0161n\u00ed dob\u011b obl\u00edben\u00e9 po cel\u00e9m sv\u011bt\u011b. A\u0165 u\u017e se jedn\u00e1 o \u0161kol\u00e1ky, teenagery anebo dosp\u011bl\u00e9 lidi, v\u0161ichni si r\u00e1di obl\u00e9knout n\u011bco p\u0159\u00edjemn\u00e9ho a modern\u00edho. Zkuste to tedy s n\u00e1mi a nakupte si v na\u0161em obchod\u011b.                                                                                                                                                                                                                                                                                                                                                                                        5\/5 - (1 vote)        "},{"@context":"https:\/\/schema.org\/","@type":"BreadcrumbList","itemListElement":[{"@type":"ListItem","position":1,"name":"Nejen pro mlad\u00e9 lidi","item":"https:\/\/www.kcms.cz\/nejen-pro-mlade-lidi\/#breadcrumbitem"}]}]