[{"@context":"https:\/\/schema.org\/","@type":"Article","@id":"https:\/\/www.kcms.cz\/kdo-je-designer\/#Article","mainEntityOfPage":"https:\/\/www.kcms.cz\/kdo-je-designer\/","headline":"Kdo je design\u00e9r","name":"Kdo je design\u00e9r","description":"Ot\u00e1zka v nadpisu je asi docela zbyte\u010dn\u00e1, proto\u017ee to v\u0161ichni v\u00edme. Nen\u00ed asi \u010dlov\u011bka, kter\u00fd by netu\u0161il, co je to [&hellip;]","datePublished":"2025-06-05","dateModified":"2025-06-05","author":{"@type":"Person","@id":"https:\/\/www.kcms.cz\/author\/#Person","name":"","url":"https:\/\/www.kcms.cz\/author\/","identifier":1,"image":{"@type":"ImageObject","@id":"https:\/\/secure.gravatar.com\/avatar\/2a487990a452554e9d027cbab96c6e6e6d3b119f22a2b3fb9e2bcb7e021cd643?s=96&d=mm&r=g","url":"https:\/\/secure.gravatar.com\/avatar\/2a487990a452554e9d027cbab96c6e6e6d3b119f22a2b3fb9e2bcb7e021cd643?s=96&d=mm&r=g","height":96,"width":96}},"publisher":{"@type":"Organization","name":"kcms.cz","logo":{"@type":"ImageObject","@id":"\/logo.png","url":"\/logo.png","width":600,"height":60}},"image":{"@type":"ImageObject","@id":"https:\/\/www.kcms.cz\/wp-content\/uploads\/living-room-728731_640.jpg","url":"https:\/\/www.kcms.cz\/wp-content\/uploads\/living-room-728731_640.jpg","height":0,"width":0},"url":"https:\/\/www.kcms.cz\/kdo-je-designer\/","about":["D\u016fm a byt"],"wordCount":432,"articleBody":"   Ot\u00e1zka v nadpisu je asi docela zbyte\u010dn\u00e1, proto\u017ee to v\u0161ichni v\u00edme. Nen\u00ed asi \u010dlov\u011bka, kter\u00fd by netu\u0161il, co je to design. Leda by bydlel n\u011bkde v jeskyni nebo na pust\u00e9m ostrov\u011b a ne\u017eil na tomto sv\u011bt\u011b mezi lidmi. Design\u00e9r je vlastn\u011b jeden z nejd\u016fle\u017eit\u011bj\u0161\u00edch lid\u00ed ve skoro v\u0161ech oborech, kde je d\u016fle\u017eit\u00fd vzhled v\u00fdrobku. Proto\u017ee to je z\u00e1klad jeho pozd\u011bj\u0161\u00edho prodeje. V\u00fdrobek mus\u00ed b\u00fdt funk\u010dn\u00ed, ale tak\u00e9 hezky vypadat. Tak, aby si jej ka\u017ed\u00fd koupil. Naprosto tot\u00e9\u017e plat\u00ed i ve slu\u017eb\u00e1ch, i kdy\u017e ov\u0161em pon\u011bkud jin\u00fdm zp\u016fsobem. Jen v\u00fdsledn\u00fd efekt nen\u00ed v\u011bt\u0161inou vid\u011bt jen na jeden nebo dokonce prvn\u00ed a letm\u00fd pohled. Vezm\u011bme si nap\u0159\u00edklad pod drobnohled toho, kdo si \u0159\u00edk\u00e1 interi\u00e9rov\u00fd design\u00e9r. Ten dok\u00e1\u017ee za\u0159\u00eddit cel\u00fd byt, d\u016fm nebo i kancel\u00e1\u0159e tak, aby to v\u0161e bylo p\u0159\u00edjemn\u00e9 na pohled, ale aby to tak\u00e9 plnilo v\u0161echny sv\u00e9 funkce. Je sice hezk\u00e9, \u017ee budete m\u00edt doma modern\u00ed pohovku, kter\u00e1 je ov\u0161em vyroben\u00e1 tak, \u017ee se na n\u00ed ned\u00e1 dlouho sed\u011bt. Sledov\u00e1n\u00ed filmu se pak st\u00e1v\u00e1 nikoli z\u00e1\u017eitkem, ale utrpen\u00edm. Dok\u00e1\u017eete si nap\u0159\u00edklad p\u0159edstavit, \u017ee si z perfektn\u00ed hudebn\u00ed soustavy pust\u00edte v\u00e1\u017enou hudbu, nap\u0159\u00edklad n\u011bco od Richarda Wagnera a u\u017e po deseti minut\u00e1ch v\u00e1s bude bolet cel\u00fd \u010dlov\u011bk nebo jen ur\u010dit\u00e9 partie lidsk\u00e9ho t\u011bla?Co je to za st\u016fl, ze kter\u00e9ho klou\u017ee na zem v\u0161echno, co tam polo\u017e\u00edte? Takov\u00fdch p\u0159\u00edklad\u016f je spousta a od toho je zde pr\u00e1v\u011b nap\u0159\u00edklad interi\u00e9rov\u00fd design\u00e9r Praha, aby tyto probl\u00e9my ji\u017e p\u0159edem eliminoval. On toti\u017e tenhle chlap\u00edk mus\u00ed m\u00edt nejen p\u0159ehled o tom, co je modern\u00ed, co se v sou\u010dasnosti ve sv\u011bt\u011b \u201enos\u00ed\u201c, ale tak\u00e9 o tom, zda to skute\u010dn\u011b funguje. Laik koup\u00ed sice modern\u00ed seda\u010dku, ale pak zjist\u00ed \u017ee je k ni\u010demu. Vr\u00e1tit ji nem\u016f\u017ee, proto\u017ee mu v obchod\u011b \u0159eknou, \u017ee jsou to pouze subjektivn\u00ed pocity. Se spoluprac\u00ed interi\u00e9rov\u00e9ho design\u00e9ra se n\u011bco podobn\u00e9ho st\u00e1t nem\u016f\u017ee. Klidn\u011b se na n\u011bj m\u016f\u017eete s d\u016fv\u011brou obr\u00e1tit a budete m\u00edt byt za\u0159\u00edzen tak, \u017ee v\u00e1m ho budou v\u0161ichni z\u00e1vid\u011bt.                                                                                                                                                                                                                                                                                                                                                                                           4.5\/5 - (8 votes)        "},{"@context":"https:\/\/schema.org\/","@type":"BreadcrumbList","itemListElement":[{"@type":"ListItem","position":1,"name":"Kdo je design\u00e9r","item":"https:\/\/www.kcms.cz\/kdo-je-designer\/#breadcrumbitem"}]}]